[{"@context":"https:\/\/schema.org\/","@type":"BlogPosting","@id":"https:\/\/entrepreneursfight.club\/mascarillas-todo-va-a-salir-bien\/#BlogPosting","mainEntityOfPage":"https:\/\/entrepreneursfight.club\/mascarillas-todo-va-a-salir-bien\/","headline":"No hemos patrocinado, ni tenemos nada que ver con las \u201cmascarillas\u201d de Don Miguel \u00c1ngel Revilla en Cantabria.","name":"No hemos patrocinado, ni tenemos nada que ver con las \u201cmascarillas\u201d de Don Miguel \u00c1ngel Revilla en Cantabria.","description":"No sabemos que fuerza oscura actu\u00f3 para que nuestro logotipo acabe impreso en 1.200.000 mascarillas que algunos etiquetan de \u201cuna servilleta mala de papel doblada\u201d Y la verdad que es una pena, despu\u00e9s de ver la acogida que han tenido en medios y redes sociales, est\u00e1 claro que le hubiera venido muy bien la ayuda [&hellip;]","datePublished":"2020-04-13","dateModified":"2021-02-09","author":{"@type":"Person","@id":"https:\/\/entrepreneursfight.club\/author\/efightclub\/#Person","name":"efightclub","url":"https:\/\/entrepreneursfight.club\/author\/efightclub\/","image":{"@type":"ImageObject","@id":"https:\/\/secure.gravatar.com\/avatar\/806bbbe8fdb3ac7d97a64f1368b20a69?s=96&d=retro&r=g","url":"https:\/\/secure.gravatar.com\/avatar\/806bbbe8fdb3ac7d97a64f1368b20a69?s=96&d=retro&r=g","height":96,"width":96}},"publisher":{"@type":"Organization","name":"Entrepreneurs Fight Club","logo":{"@type":"ImageObject","@id":"https:\/\/entrepreneursfight.club\/wp-content\/uploads\/2016\/01\/logo-color-entrepreneurs-Fight-Club-1.jpg","url":"https:\/\/entrepreneursfight.club\/wp-content\/uploads\/2016\/01\/logo-color-entrepreneurs-Fight-Club-1.jpg","width":600,"height":60}},"image":{"@type":"ImageObject","@id":"https:\/\/entrepreneursfight.club\/wp-content\/uploads\/2020\/04\/Todo-Va-A-salir-Bien-TodoVaASalirBien-mascarillas_comparacio\u0301n-Miguel-A\u0301ngel-Revilla.jpg","url":"https:\/\/entrepreneursfight.club\/wp-content\/uploads\/2020\/04\/Todo-Va-A-salir-Bien-TodoVaASalirBien-mascarillas_comparacio\u0301n-Miguel-A\u0301ngel-Revilla.jpg","height":558,"width":992},"url":"https:\/\/entrepreneursfight.club\/mascarillas-todo-va-a-salir-bien\/","video":[{"@context":"http:\/\/schema.org\/","@type":"VideoObject","@id":"https:\/\/www.youtube.com\/watch?v=_aro-rpuoDg#VideoObject","contentUrl":"https:\/\/www.youtube.com\/watch?v=_aro-rpuoDg","name":"Fighters LA RESILIENCIA \ud83e\udd1c Ni t\u00fa, ni yo, ni nadie golpea m\u00e1s fuerte que la vida \ud83e\udd1b","description":"\u00danete al cambio en www.UneteALaResiliencia.com donde podr\u00e1s encontrar gente como t\u00fa, con ganas de cambiar, de transformarse, de reiniciar.\n\nLlevamos 4 a\u00f1os ayudando a gente como t\u00fa, con diferentes soportes como el blog, el podcast, las redes sociales, el grupo de Facebook, los eventos, los talleres... donde encontrar\u00e1s testimonios, herramientas, art\u00edculos que te ayuden al cambio y sobre todo PERSONAS con las que poder compartir tus problemas y dudas.\n\nVoy a decirte algo que t\u00fa ya sabes, \nel mundo no es todo alegr\u00eda y color. \nEl mundo es un lugar terrible, \ny por muy duro que seas, \nes capaz de arrodillarte a golpes \ny tenerte sometido permanentemente \nsi t\u00fa no se lo impides.\n\nNi t\u00fa, ni yo ni nadie golpea m\u00e1s fuerte que la vida,\n pero no importa lo fuerte que golpeas, \nsino lo fuerte que pueden golpearte. \nY lo aguantas mientras avanzas. \nHay que soportar sin dejar de avanzar, \nas\u00ed es como se gana.\n\nSi t\u00fa sabes lo que vales \nve y consigue lo que mereces, \npero tendr\u00e1s que soportar los golpes.\n\nY no podr\u00e1s estar diciendo \nque no estas donde quer\u00edas llegar \npor culpa de \u00e9l, de ella ni de nadie, \neso lo hacen los cobardes y t\u00fa no lo eres. \nT\u00fa eres capaz de todo.\n\nRocky Balboa\n\n#TodoVaASalirBien #Fighters #LaResiliencia #FightersLaResiliencia #Fighter #Resiliencia #Resilencia #Emprender #Aut\u00f3nomo #CuentaAjena #Resiliente #Renacer #AvePhenix #Transformarse #EntrepreneursFightClub #Formaci\u00f3n #Podcast #Manifiesto #Cambiar #Cambio #Change\n\nD\u00e9janos en los comentarios cualquier duda, pregunta o comentario.\n\n\u00bfQuieres seguir los pasos de todos estos FIGHTERS, aprender y pertenecer a la comunidad Fighters La Resiliencia? aqu\u00ed lo tienes todo y es todo GRATIS:\n\nRedes Sociales \n\nInstagram: http:\/\/bit.ly\/INSFighters \nFacebook: http:\/\/bit.ly\/FacebookEFC \nTwitter: http:\/\/bit.ly\/FightersEFC \nYoutube:http:\/\/bit.ly\/youtubeFighters \nBLOG: http:\/\/bit.ly\/blogFighters \nMeetup: http:\/\/bit.ly\/MeetupEFC \nLinkedin: http:\/\/bit.ly\/LinkedinEFC \n\n\nPlataformas podcast\n \nSpotify: http:\/\/bit.ly\/PodcastFighters \nIvoox: http:\/\/bit.ly\/PodcastFightersIvoox \nApple Podcast: http:\/\/bit.ly\/PodcastAppleFighters \nGoogle Podcast: http:\/\/bit.ly\/PodcastFightersGoogle","thumbnailUrl":["https:\/\/i.ytimg.com\/vi\/_aro-rpuoDg\/default.jpg","https:\/\/i.ytimg.com\/vi\/_aro-rpuoDg\/mqdefault.jpg","https:\/\/i.ytimg.com\/vi\/_aro-rpuoDg\/hqdefault.jpg","https:\/\/i.ytimg.com\/vi\/_aro-rpuoDg\/sddefault.jpg","https:\/\/i.ytimg.com\/vi\/_aro-rpuoDg\/maxresdefault.jpg"],"uploadDate":"2020-04-02T13:05:29+00:00","duration":"PT1M","embedUrl":"https:\/\/www.youtube.com\/embed\/_aro-rpuoDg","publisher":{"@type":"Organization","@id":"https:\/\/www.youtube.com\/channel\/UCc1QGruoMYRiq7_HBGA2csQ#Organization","url":"https:\/\/www.youtube.com\/channel\/UCc1QGruoMYRiq7_HBGA2csQ","name":"Jotaypunto","description":"Menos decir y m\u00e1s hacer, soy Jotaypunto y te voy a ayudar a desarrollar tus proyectos emprendedores o de vida.\nEste es el canal que necesitas para tirar para adelante cualquier proyecto que quieras montar, aprender\u00e1s de los \u00e9xitos y fracasos que he vivido en mi propias carnes y de cracks y Fighters que entreviste semana a semana.\n\nOBJETIVO: \n- Ayudarte a que no caigas en los mismos errores... \n- Que ahorres mucho dinero aprendiendo donde lo perd\u00ed...\n- De una manera m\u00e1s divertida que los t\u00edpicos tutoriales...\n- Ten ense\u00f1ar\u00e9 a crear estrategia de trabajo 555493\n\n\n\n","logo":{"url":"https:\/\/yt3.ggpht.com\/yXqTUy3U2bxMDwz1eNNrpMe0JpSBW4bVVHU6PgIUN0Tc6F9Wbp2CC2C-ng4MKc9xD66aYTgs-A=s800-c-k-c0x00ffffff-no-rj","width":800,"height":800,"@type":"ImageObject","@id":"https:\/\/www.youtube.com\/watch?v=_aro-rpuoDg#VideoObject_publisher_logo_ImageObject"}},"potentialAction":{"@type":"SeekToAction","@id":"https:\/\/www.youtube.com\/watch?v=_aro-rpuoDg#VideoObject_potentialAction","target":"https:\/\/www.youtube.com\/watch?v=_aro-rpuoDg&t={seek_to_second_number}","startOffset-input":"required name=seek_to_second_number"},"interactionStatistic":[[{"@type":"InteractionCounter","@id":"https:\/\/www.youtube.com\/watch?v=_aro-rpuoDg#VideoObject_interactionStatistic_WatchAction","interactionType":{"@type":"WatchAction"},"userInteractionCount":979}],{"@type":"InteractionCounter","@id":"https:\/\/www.youtube.com\/watch?v=_aro-rpuoDg#VideoObject_interactionStatistic_LikeAction","interactionType":{"@type":"LikeAction"},"userInteractionCount":30}]},null],"about":["Todo Va A Salir Bien"],"wordCount":482,"articleBody":"No sabemos que fuerza oscura actu\u00f3 para que nuestro logotipo acabe impreso en 1.200.000 mascarillas que algunos etiquetan de \u201cuna servilleta mala de papel doblada\u201dY la verdad que es una pena, despu\u00e9s de ver la acogida que han tenido en medios y redes sociales, est\u00e1 claro que le hubiera venido muy bien la ayuda de nuestra Consultor\u00eda de Creatividad &amp; Innovaci\u00f3n Todo Va a Salir Bien SL.Aunque las famosas \u201cmascarillas\u201d lleven impreso en el frontal una copia de nuestro logotipo, no hemos tenido nada que ver, nadie nos ha llamado par consultarnos si pod\u00edan utilizar nuestra imagen, muy posiblemente la encontraron por internet \u00f3 les ha salido una \u00abnueva creaci\u00f3n\u00bb muy parecida a nuestro logotipo creado hace 3 a\u00f1os.Esta claro que para tan noble causa, as\u00ed como cualquier acci\u00f3n que se realice para evitar contagios, muertes y vencer al COVID-19, hubi\u00e9ramos cedido m\u00e1s que encantados nuestra imagen y hubi\u00e9ramos aportado todas nuestras neuronas para evitar una ejecuci\u00f3n m\u00e1s que cuestionable y la mala imagen que est\u00e1 generando para Cantabria, para el se\u00f1or Miguel Angel Revilla y para nuestra imagen de marca.Que nadie se confunda, desde Todo Va A Salir Bien elogiamos la buena intenci\u00f3n de Miguel Angel Revilla fabricando estas mascarillas con un mensaje optimista para toda Cantabria, la ejecuci\u00f3n y las maneras ya es otra historia.Sin quererlo somos protagonistas de los mon\u00f3logos que hacemos en nuestros eventos y directos que llamamos \u201cFuerza oscura\u201d donde ejemplificamos los Fails de la vida, las cagadas que a veces cometemos o im\u00e1genes y videos en las que esa fuerza oscura que trabaja en el lado oscuro act\u00faa y te la l\u00eda parda.Quiz\u00e1 seamos la empresa m\u00e1s optimista del Mundo, pero no te confundas, somos muy conscientes de que la gran mayor\u00eda de veces las cosas no salen bien a la primera, segunda, tercera\u2026 hay que ser constantes y aguantar mientras la vida te va golpeando, \u00bfno me crees? mira este video que difundimos hace poco desde una de nuestras iniciativas \u201cFighters La Resiliencia\u201d LINK VIDEO #Fighters #FightersLaResiliencia #LaResilienciaDesde Todo Va A Salir Bien queremos tender la mano a don Miguel \u00c1ngel Revilla a su equipo y a quien lo necesite para colaborar con el fin de que todo salga bien, que usen correctamente nuestro logotipo y si necesitan que les ayudemos con la comunicaci\u00f3n, mejorar su producto o replantear su modelo de negocio aqu\u00ed estamos: www.salirbien.comY sobre todo TODO VA A SALIR BIEN, y no es que lo digamos nosotros, lo dicen todos estos FIGHTERS Link VIDEO #TodoVaASalirBien #Qu\u00e9dateEnCasa #QuedateEnCasaSi necesitas reinventarte para que todo salga bien, te recomendamos nuestra iniciativa \u201cLA RESILIENCIA\u201d, donde podr\u00e1s encontrar cientos de art\u00edculos que te ayudar\u00e1n a ser \u201cResiliente\u201d&nbsp;\u00danete en www.unetealaResiliencia.com"},{"@context":"https:\/\/schema.org\/","@type":"BreadcrumbList","itemListElement":[{"@type":"ListItem","position":1,"name":"No hemos patrocinado, ni tenemos nada que ver con las \u201cmascarillas\u201d de Don Miguel \u00c1ngel Revilla en Cantabria.","item":"https:\/\/entrepreneursfight.club\/mascarillas-todo-va-a-salir-bien\/#breadcrumbitem"}]}]