[{"@context":"https:\/\/schema.org\/","@type":"BlogPosting","@id":"https:\/\/entrepreneursfight.club\/7-pasos-para-convertir-tu-mayor-debilidad-alergias-alimentarias-en-un-proyecto\/#BlogPosting","mainEntityOfPage":"https:\/\/entrepreneursfight.club\/7-pasos-para-convertir-tu-mayor-debilidad-alergias-alimentarias-en-un-proyecto\/","headline":"7 pasos para convertir tu mayor debilidad (Alergias Alimentarias) en un proyecto","name":"7 pasos para convertir tu mayor debilidad (Alergias Alimentarias) en un proyecto","description":"Contenidos Con\u00f3cete y descubre las fortalezas detr\u00e1s de tus debilidadesInsp\u00edrate y conoce otros casos\u201cSitia\u201d tu cerebro y act\u00faaDetecta necesidades preguntandoConstruye tu propia marcaCrea algo que resuelva esas necesidades y pru\u00e9baloComparte y difunde aportando valor \u00bfQui\u00e9n dijo que solo se puede crear un proyecto bas\u00e1ndote en tus propias fortalezas? Nadie nos dijo que podr\u00edamos hacer de [&hellip;]","datePublished":"2020-03-03","dateModified":"2020-02-28","author":{"@type":"Person","@id":"https:\/\/entrepreneursfight.club\/author\/efightclub\/#Person","name":"efightclub","url":"https:\/\/entrepreneursfight.club\/author\/efightclub\/","image":{"@type":"ImageObject","@id":"https:\/\/secure.gravatar.com\/avatar\/806bbbe8fdb3ac7d97a64f1368b20a69?s=96&d=retro&r=g","url":"https:\/\/secure.gravatar.com\/avatar\/806bbbe8fdb3ac7d97a64f1368b20a69?s=96&d=retro&r=g","height":96,"width":96}},"publisher":{"@type":"Organization","name":"Entrepreneurs Fight Club","logo":{"@type":"ImageObject","@id":"https:\/\/entrepreneursfight.club\/wp-content\/uploads\/2016\/01\/logo-color-entrepreneurs-Fight-Club-1.jpg","url":"https:\/\/entrepreneursfight.club\/wp-content\/uploads\/2016\/01\/logo-color-entrepreneurs-Fight-Club-1.jpg","width":600,"height":60}},"image":{"@type":"ImageObject","@id":"https:\/\/entrepreneursfight.club\/wp-content\/uploads\/2020\/02\/ALBA-CUADRADO-FIGHTERS-ALERGIAS-ALIMENTICIAS-YOUTUBE.jpg","url":"https:\/\/entrepreneursfight.club\/wp-content\/uploads\/2020\/02\/ALBA-CUADRADO-FIGHTERS-ALERGIAS-ALIMENTICIAS-YOUTUBE.jpg","height":675,"width":1200},"url":"https:\/\/entrepreneursfight.club\/7-pasos-para-convertir-tu-mayor-debilidad-alergias-alimentarias-en-un-proyecto\/","about":["#Fighters","Podcast Fighters"],"wordCount":1357,"keywords":["alba cuadrado","alergias","Alergias alimentarias"],"articleBody":"ContenidosCon\u00f3cete y descubre las fortalezas detr\u00e1s de tus debilidadesInsp\u00edrate y conoce otros casos\u201cSitia\u201d tu cerebro y act\u00faaDetecta necesidades preguntandoConstruye tu propia marcaCrea algo que resuelva esas necesidades y pru\u00e9baloComparte y difunde aportando valor\u00bfQui\u00e9n dijo que solo se puede crear un proyecto bas\u00e1ndote en tus propias fortalezas? Nadie nos dijo que podr\u00edamos hacer de nuestra mayor debilidad (una enfermedad) un prop\u00f3sito, y lo cierto es que \u00a1es posible!El diagn\u00f3stico de una enfermedad no es f\u00e1cil. Tampoco lo es convivir con ella, sobre todo cuando es cr\u00f3nica. Pero la experiencia con ella es algo que no se puede comprar ni tampoco estudiar muchos a\u00f1os en una carrera. Es algo intransferible con lo que puedes aportar mucho valor a otras personas que viven en tu misma situaci\u00f3n.Existen muchos casos de modelos de negocio que han pivotado a ra\u00edz de una enfermedad. Por ejemplo, el caso de la panader\u00eda Mis hijos sin gluten, en la que, tras seis generaciones elaborando su famoso pan de pu\u00f1o, uno de sus hijos no pod\u00eda comerlo al haber desarrollado enfermedad cel\u00edaca y decidi\u00f3 dedicar su venta exclusivamente a productos sin gluten. Otro caso inspirador, es el ejemplo de Silvia Foz, quien durante 15 a\u00f1os vivi\u00f3 el proceso de c\u00e1ncer de su madre y ahora se dedica a potenciar la imagen corporativa y personal de mujeres que se encuentran en procesos oncol\u00f3gicos.Y como no, mi caso personal, tras llevar toda una vida conviviendo con alergias alimentarias (donde en muchas situaciones me he visto entre el \u201cm\u00e1s aqu\u00ed\u201d y el \u201cm\u00e1s all\u00e1\u201d y el \u201ccasi no lo cuento\u201d) hasta tal punto que me hizo replantearme toda mi vida, aceptar de una vez por todas mi \u201cenfermedad\u201d y poner mis debilidades (ahora convertidas en fortalezas) al servicio de los dem\u00e1s.&nbsp;Pero, \u00bfC\u00f3mo llegar hasta ese punto y comenzar un proyecto social?Con\u00f3cete y descubre las fortalezas detr\u00e1s de tus debilidadesTodos tenemos claro que tener una enfermedad \u201ccomo tal\u201d&nbsp; no es precisamente una fortaleza. Pero t\u00fa, en ti mismo, tienes muchas fortalezas que puedes unir a esa enfermedad. \u00bfCu\u00e1les son tus pasiones? \u00bfC\u00f3mo las puedes combinar con tu diagn\u00f3stico? Por ejemplo,&nbsp; \u00bfTe gusta el deporte y tienes asma? Puedes plantearte ser un referente con asma en el mundo de la nataci\u00f3n, o si tienes alguna diversidad funcional, tambi\u00e9n podr\u00edas convertirte en referente en un campo concreto, como el caso de Laura Reyes, la primera Pole Dancer Paraol\u00edmpica con una deficiencia visual que se ha convertido en la campeona del mundo. Para descubrir tus fortalezas, te pueden ayudar esquemas como este:Insp\u00edrate y conoce otros casosProbablemente te venga a la mente un bombardeo de preguntas a la hora de querer iniciarte en un proyecto social, tales como \u00bfPero eso tiene salidas? \u00bfMe dar\u00e1 de comer? \u00bfSoy el \u00fanico que har\u00e9 esto? \u00bfNo ser\u00eda intrusismo? Lo cierto es que si ya hay personas que lo han conseguido, es que es posible. Y la mejor manera de averiguarlo es\u2026 \u00a1Buscando! Puede que en tu comunidad no exista nadie, pero \u00bfQu\u00e9 ocurre en otros pa\u00edses? \u00bfHay alguien haciendo algo, aunque sea parecido, a lo que te gustar\u00eda hacer? Insp\u00edrate con otros casos que har\u00e1n que tu motor se llene de la gasolina que necesitas para buscar las respuestas a todas tus preguntas.Lo que m\u00e1s te preocupa seguramente es si eso de unir tus pasiones con tu diagn\u00f3stico te dar\u00eda de comer. Y esto ocurre como cualquier otro proyecto; al principio todo va muy lento, pero puedes combinarlo con tus otros quehaceres profesionales mientras el proyecto se va desarrollando. Todo es cuesti\u00f3n de confianza, paciencia, perseverancia y constancia.\u201cSitia\u201d tu cerebro y act\u00faaEsto significa que debes enfocarte al 100% si quieres conseguir los resultados que deseas. Al principio, todo ser\u00e1 cuesti\u00f3n de plantar \u201csemillitas\u201d que germinar\u00e1n con el tiempo. La semilla del bamb\u00fa tarda siete a\u00f1os para crecer y seis semanas para desarrollarse. Durante los primeros siete a\u00f1os de aparente inactividad, este bamb\u00fa genera un complejo sistema de ra\u00edces que le permiten sostener el crecimiento que vendr\u00e1 despu\u00e9s. Lo mismo ocurre con los proyectos de este tipo: al principio parece que no ver\u00e1s resultados, pero con el tiempo las semillitas empezar\u00e1n a germinar. No dejes de actuar, de preguntar, de moverte y de informarte. La acci\u00f3n es la clave para el movimiento.Detecta necesidades preguntandoEsta es una de las partes m\u00e1s f\u00e1ciles e importantes para tu proyecto porque esas necesidades \u00a1t\u00fa ya las has tenido! Quiz\u00e1s hayas superado las barreras psicol\u00f3gicas de tu enfermedad y ahora deber\u00edas preguntarte, \u00bfQu\u00e9 hubiera querido o necesitado mi \u201cyo\u201d cuando me diagnosticaron esta enfermedad? Bas\u00e1ndote en tu propia experiencia es un buen punto de partida, pero puede ser que encuentres m\u00e1s necesidades en otras personas. Eso se resuelve preguntando y hablando para detectar los puntos en com\u00fan que tienen otros y que t\u00fa puedes resolver.&nbsp;Construye tu propia marcaHaz que se sientan identificados contigo y empieza a construir tu marca personal en el mundo digital. Cuenta tu historia, s\u00e9 inspiraci\u00f3n. Acude a eventos relacionados, charlas y asiste a entrevistas. Haz colaboraciones con marcas o personas que est\u00e9n relacionadas con lo que haces, as\u00ed captar\u00e1s parte de su p\u00fablico fidelizado y te dar\u00e1 m\u00e1s relevancia, autoridad y credibilidad. El boca a boca puede llegar muy lejos.Crea algo que resuelva esas necesidades y pru\u00e9baloUna vez pongas en com\u00fan todas esas necesidades y hayas empezado a crear tu marca personal en el mundo digital, haz algo con ellas basado en tus pasiones y habilidades. \u00bfEres creativo y te gusta escribir? Haz un blog y luego escribe un Ebook o libro en papel. \u00bfTe gusta el mundo audiovisual? Crea un canal de Youtube. Haz lo que sea, pero empieza, y luego ir\u00e1s pivotando t\u00fa mismo en base a la respuesta de las personas.&nbsp;Comparte y difunde aportando valorSomos un poco ego\u00edstas por naturaleza y siempre buscaremos algo que nos beneficie a nosotros. Por eso, tienes que pensar que el valor est\u00e1 en las personas a las que les est\u00e1s dando algo, por eso lo m\u00e1s importante es el valor que aportas. \u00bfSon recursos lo que ofreces? \u00bfInformaci\u00f3n? \u00bfTips? Material\u00edzalo, comp\u00e1rtelo y estate atento al feedback para mejorarlo o cambiarlo.&nbsp;\u00a1Seamos Fighters de nuestras enfermedades!Aqu\u00ed tienes la entrevista que tuvimos con Alba Cuadrado en el Video Podcast de #Fighters en el que hablamos de como es su d\u00eda a d\u00eda con sus Alerg\u00edas alimentarias y otro tipo de alerg\u00edas \u00abraras\u00bb pero que son m\u00e1s comunes de lo que creemos.Ella nos da la clave de c\u00f3mo vivir d\u00eda a d\u00eda con sus alergias.Me siento orgullosa de ser una Fighter de las alergias alimentarias y sentirme parte de la comunidad de Enterpreneurs Fight Club. Hace dos a\u00f1os convert\u00ed mi diagn\u00f3stico en un prop\u00f3sito de vida llamado Alergias con Alegr\u00eda y, desde entonces, ha evolucionado mucho, mejor\u00e1ndome a m\u00ed como persona.&nbsp;Puedes tomar como ejemplo el primer recurso que cre\u00e9 para personas con alergias; es una manera de filtrar y segmentar muy bien al p\u00fablico al que te diriges porque, no, tu p\u00fablico NO ES TODO EL MUNDO:Si t\u00fa tambi\u00e9n eres un #fighter de las alergias alimentarias, me encantar\u00eda que la descargaras aqu\u00ed.\u00abMucha gente peque\u00f1a, en lugares peque\u00f1os, haciendo cosas peque\u00f1as, puede cambiar el mundo\u00bb &#8211; Eduardo GaleanoAqu\u00ed os dejamos la entrevista en IVOOX, no olvides suscribirte a nuestro pordcastaqu\u00ed os dejamos el Podcast en Spotify, por si eres m\u00e1s de esta plataforma, igualmente no olvides suscribirte a nuestro podcast para descubrir a los m\u00e1s Fighters y aprender de sus golpes."},{"@context":"https:\/\/schema.org\/","@type":"BreadcrumbList","itemListElement":[{"@type":"ListItem","position":1,"name":"7 pasos para convertir tu mayor debilidad (Alergias Alimentarias) en un proyecto","item":"https:\/\/entrepreneursfight.club\/7-pasos-para-convertir-tu-mayor-debilidad-alergias-alimentarias-en-un-proyecto\/#breadcrumbitem"}]}]